{"id":17734,"date":"2018-09-19T18:57:41","date_gmt":"2018-09-19T16:57:41","guid":{"rendered":"https:\/\/www.cepathle.fr\/wp\/?p=17734"},"modified":"2020-02-09T16:59:38","modified_gmt":"2020-02-09T15:59:38","slug":"presse-herve-sordet-prend-sa-retraite","status":"publish","type":"post","link":"https:\/\/www.cepathle.fr\/wp\/presse-herve-sordet-prend-sa-retraite\/","title":{"rendered":"Presse : Herv\u00e9 Sordet prend sa retraite"},"content":{"rendered":"<p>Entre Herv\u00e9 Sordet, gardien du stade du Bois-du-Ch\u00e2teau et la section d\u2019athl\u00e9tisme du CEP Lorient, c\u2019est une longue histoire, puisqu\u2019ils se sont c\u00f4toy\u00e9s durant plus de 26 ans sur les infrastructures du stade du Bois-du-Ch\u00e2teau. Une longue et belle collaboration sportive ponctu\u00e9e par de grands et petits \u00e9v\u00e9nements. \u00c0 l\u2019heure d\u2019une retraite bien m\u00e9rit\u00e9e pour Herv\u00e9, athl\u00e8tes et responsables du CEP Athl\u00e9 lui ont rendu hommage lors d\u2019une petite c\u00e9r\u00e9monie, pour le remercier de sa fid\u00e9lit\u00e9 et de son d\u00e9vouement<\/p>\n<p>&nbsp;<\/p>\n<p>\u00a9 Le T\u00e9l\u00e9gramme<\/p>\n","protected":false},"excerpt":{"rendered":"<p>Entre Herv\u00e9 Sordet, gardien du stade du Bois-du-Ch\u00e2teau et la section d\u2019athl\u00e9tisme du CEP Lorient, c\u2019est une longue histoire, puisqu\u2019ils se sont c\u00f4toy\u00e9s durant plus de 26 ans sur les infrastructures du stade du Bois-du-Ch\u00e2teau. Une longue et belle collaboration sportive ponctu\u00e9e par de grands et petits \u00e9v\u00e9nements. \u00c0 l\u2019heure d\u2019une retraite bien m\u00e9rit\u00e9e pour Herv\u00e9, athl\u00e8tes et responsables du CEP Athl\u00e9 lui ont rendu hommage lors d\u2019une petite c\u00e9r\u00e9monie, pour le remercier de sa fid\u00e9lit\u00e9 et de son d\u00e9vouement &nbsp; \u00a9 Le T\u00e9l\u00e9gramme<\/p>\n","protected":false},"author":4,"featured_media":17737,"comment_status":"closed","ping_status":"closed","sticky":false,"template":"","format":"standard","meta":{"ngg_post_thumbnail":0,"footnotes":""},"categories":[3],"tags":[],"class_list":["post-17734","post","type-post","status-publish","format-standard","has-post-thumbnail","hentry","category-general"],"yoast_head":"<!-- This site is optimized with the Yoast SEO plugin v27.4 - https:\/\/yoast.com\/product\/yoast-seo-wordpress\/ -->\n<title>Presse : Herv\u00e9 Sordet prend sa retraite<\/title>\n<meta name=\"robots\" content=\"index, follow, max-snippet:-1, max-image-preview:large, max-video-preview:-1\" \/>\n<link rel=\"canonical\" href=\"https:\/\/www.cepathle.fr\/wp\/presse-herve-sordet-prend-sa-retraite\/\" \/>\n<meta property=\"og:locale\" content=\"fr_FR\" \/>\n<meta property=\"og:type\" content=\"article\" \/>\n<meta property=\"og:title\" content=\"Presse : Herv\u00e9 Sordet prend sa retraite\" \/>\n<meta property=\"og:description\" content=\"Entre Herv\u00e9 Sordet, gardien du stade du Bois-du-Ch\u00e2teau et la section d\u2019athl\u00e9tisme du CEP Lorient, c\u2019est une longue histoire, puisqu\u2019ils se sont c\u00f4toy\u00e9s durant plus de 26 ans sur les infrastructures du stade du Bois-du-Ch\u00e2teau. Une longue et belle collaboration sportive ponctu\u00e9e par de grands et petits \u00e9v\u00e9nements. \u00c0 l\u2019heure d\u2019une retraite bien m\u00e9rit\u00e9e pour Herv\u00e9, athl\u00e8tes et responsables du CEP Athl\u00e9 lui ont rendu hommage lors d\u2019une petite c\u00e9r\u00e9monie, pour le remercier de sa fid\u00e9lit\u00e9 et de son d\u00e9vouement &nbsp; \u00a9 Le T\u00e9l\u00e9gramme\" \/>\n<meta property=\"og:url\" content=\"https:\/\/www.cepathle.fr\/wp\/presse-herve-sordet-prend-sa-retraite\/\" \/>\n<meta property=\"og:site_name\" content=\"CEP LORIENT Athl\u00e9tisme\" \/>\n<meta property=\"article:published_time\" content=\"2018-09-19T16:57:41+00:00\" \/>\n<meta property=\"article:modified_time\" content=\"2020-02-09T15:59:38+00:00\" \/>\n<meta property=\"og:image\" content=\"https:\/\/www.cepathle.fr\/wp\/wp-content\/uploads\/2018\/09\/herv\u00e9.jpg\" \/>\n\t<meta property=\"og:image:width\" content=\"521\" \/>\n\t<meta property=\"og:image:height\" content=\"330\" \/>\n\t<meta property=\"og:image:type\" content=\"image\/jpeg\" \/>\n<meta name=\"author\" content=\"Cep Athl\u00e9\" \/>\n<meta name=\"twitter:card\" content=\"summary_large_image\" \/>\n<meta name=\"twitter:label1\" content=\"\u00c9crit par\" \/>\n\t<meta name=\"twitter:data1\" content=\"Cep Athl\u00e9\" \/>\n\t<meta name=\"twitter:label2\" content=\"Dur\u00e9e de lecture estim\u00e9e\" \/>\n\t<meta name=\"twitter:data2\" content=\"1 minute\" \/>\n<script type=\"application\/ld+json\" class=\"yoast-schema-graph\">{\"@context\":\"https:\\\/\\\/schema.org\",\"@graph\":[{\"@type\":\"Article\",\"@id\":\"https:\\\/\\\/www.cepathle.fr\\\/wp\\\/presse-herve-sordet-prend-sa-retraite\\\/#article\",\"isPartOf\":{\"@id\":\"https:\\\/\\\/www.cepathle.fr\\\/wp\\\/presse-herve-sordet-prend-sa-retraite\\\/\"},\"author\":{\"name\":\"Cep Athl\u00e9\",\"@id\":\"https:\\\/\\\/www.cepathle.fr\\\/wp\\\/#\\\/schema\\\/person\\\/58495bf14c04351cfbb02f582eda642d\"},\"headline\":\"Presse : Herv\u00e9 Sordet prend sa retraite\",\"datePublished\":\"2018-09-19T16:57:41+00:00\",\"dateModified\":\"2020-02-09T15:59:38+00:00\",\"mainEntityOfPage\":{\"@id\":\"https:\\\/\\\/www.cepathle.fr\\\/wp\\\/presse-herve-sordet-prend-sa-retraite\\\/\"},\"wordCount\":109,\"image\":{\"@id\":\"https:\\\/\\\/www.cepathle.fr\\\/wp\\\/presse-herve-sordet-prend-sa-retraite\\\/#primaryimage\"},\"thumbnailUrl\":\"https:\\\/\\\/www.cepathle.fr\\\/wp\\\/wp-content\\\/uploads\\\/2018\\\/09\\\/herv\u00e9.jpg\",\"articleSection\":[\"G\u00e9n\u00e9ral\"],\"inLanguage\":\"fr-FR\"},{\"@type\":\"WebPage\",\"@id\":\"https:\\\/\\\/www.cepathle.fr\\\/wp\\\/presse-herve-sordet-prend-sa-retraite\\\/\",\"url\":\"https:\\\/\\\/www.cepathle.fr\\\/wp\\\/presse-herve-sordet-prend-sa-retraite\\\/\",\"name\":\"Presse : Herv\u00e9 Sordet prend sa retraite\",\"isPartOf\":{\"@id\":\"https:\\\/\\\/www.cepathle.fr\\\/wp\\\/#website\"},\"primaryImageOfPage\":{\"@id\":\"https:\\\/\\\/www.cepathle.fr\\\/wp\\\/presse-herve-sordet-prend-sa-retraite\\\/#primaryimage\"},\"image\":{\"@id\":\"https:\\\/\\\/www.cepathle.fr\\\/wp\\\/presse-herve-sordet-prend-sa-retraite\\\/#primaryimage\"},\"thumbnailUrl\":\"https:\\\/\\\/www.cepathle.fr\\\/wp\\\/wp-content\\\/uploads\\\/2018\\\/09\\\/herv\u00e9.jpg\",\"datePublished\":\"2018-09-19T16:57:41+00:00\",\"dateModified\":\"2020-02-09T15:59:38+00:00\",\"author\":{\"@id\":\"https:\\\/\\\/www.cepathle.fr\\\/wp\\\/#\\\/schema\\\/person\\\/58495bf14c04351cfbb02f582eda642d\"},\"breadcrumb\":{\"@id\":\"https:\\\/\\\/www.cepathle.fr\\\/wp\\\/presse-herve-sordet-prend-sa-retraite\\\/#breadcrumb\"},\"inLanguage\":\"fr-FR\",\"potentialAction\":[{\"@type\":\"ReadAction\",\"target\":[\"https:\\\/\\\/www.cepathle.fr\\\/wp\\\/presse-herve-sordet-prend-sa-retraite\\\/\"]}]},{\"@type\":\"ImageObject\",\"inLanguage\":\"fr-FR\",\"@id\":\"https:\\\/\\\/www.cepathle.fr\\\/wp\\\/presse-herve-sordet-prend-sa-retraite\\\/#primaryimage\",\"url\":\"https:\\\/\\\/www.cepathle.fr\\\/wp\\\/wp-content\\\/uploads\\\/2018\\\/09\\\/herv\u00e9.jpg\",\"contentUrl\":\"https:\\\/\\\/www.cepathle.fr\\\/wp\\\/wp-content\\\/uploads\\\/2018\\\/09\\\/herv\u00e9.jpg\",\"width\":521,\"height\":330},{\"@type\":\"BreadcrumbList\",\"@id\":\"https:\\\/\\\/www.cepathle.fr\\\/wp\\\/presse-herve-sordet-prend-sa-retraite\\\/#breadcrumb\",\"itemListElement\":[{\"@type\":\"ListItem\",\"position\":1,\"name\":\"Home\",\"item\":\"https:\\\/\\\/www.cepathle.fr\\\/wp\\\/\"},{\"@type\":\"ListItem\",\"position\":2,\"name\":\"Presse : Herv\u00e9 Sordet prend sa retraite\"}]},{\"@type\":\"WebSite\",\"@id\":\"https:\\\/\\\/www.cepathle.fr\\\/wp\\\/#website\",\"url\":\"https:\\\/\\\/www.cepathle.fr\\\/wp\\\/\",\"name\":\"CEP LORIENT Athl\u00e9tisme\",\"description\":\"Club d&#039;athl\u00e9tisme du pays de LORIENT\",\"potentialAction\":[{\"@type\":\"SearchAction\",\"target\":{\"@type\":\"EntryPoint\",\"urlTemplate\":\"https:\\\/\\\/www.cepathle.fr\\\/wp\\\/?s={search_term_string}\"},\"query-input\":{\"@type\":\"PropertyValueSpecification\",\"valueRequired\":true,\"valueName\":\"search_term_string\"}}],\"inLanguage\":\"fr-FR\"},{\"@type\":\"Person\",\"@id\":\"https:\\\/\\\/www.cepathle.fr\\\/wp\\\/#\\\/schema\\\/person\\\/58495bf14c04351cfbb02f582eda642d\",\"name\":\"Cep Athl\u00e9\",\"url\":\"https:\\\/\\\/www.cepathle.fr\\\/wp\\\/author\\\/hugo\\\/\"}]}<\/script>\n<!-- \/ Yoast SEO plugin. -->","yoast_head_json":{"title":"Presse : Herv\u00e9 Sordet prend sa retraite","robots":{"index":"index","follow":"follow","max-snippet":"max-snippet:-1","max-image-preview":"max-image-preview:large","max-video-preview":"max-video-preview:-1"},"canonical":"https:\/\/www.cepathle.fr\/wp\/presse-herve-sordet-prend-sa-retraite\/","og_locale":"fr_FR","og_type":"article","og_title":"Presse : Herv\u00e9 Sordet prend sa retraite","og_description":"Entre Herv\u00e9 Sordet, gardien du stade du Bois-du-Ch\u00e2teau et la section d\u2019athl\u00e9tisme du CEP Lorient, c\u2019est une longue histoire, puisqu\u2019ils se sont c\u00f4toy\u00e9s durant plus de 26 ans sur les infrastructures du stade du Bois-du-Ch\u00e2teau. Une longue et belle collaboration sportive ponctu\u00e9e par de grands et petits \u00e9v\u00e9nements. \u00c0 l\u2019heure d\u2019une retraite bien m\u00e9rit\u00e9e pour Herv\u00e9, athl\u00e8tes et responsables du CEP Athl\u00e9 lui ont rendu hommage lors d\u2019une petite c\u00e9r\u00e9monie, pour le remercier de sa fid\u00e9lit\u00e9 et de son d\u00e9vouement &nbsp; \u00a9 Le T\u00e9l\u00e9gramme","og_url":"https:\/\/www.cepathle.fr\/wp\/presse-herve-sordet-prend-sa-retraite\/","og_site_name":"CEP LORIENT Athl\u00e9tisme","article_published_time":"2018-09-19T16:57:41+00:00","article_modified_time":"2020-02-09T15:59:38+00:00","og_image":[{"width":521,"height":330,"url":"https:\/\/www.cepathle.fr\/wp\/wp-content\/uploads\/2018\/09\/herv\u00e9.jpg","type":"image\/jpeg"}],"author":"Cep Athl\u00e9","twitter_card":"summary_large_image","twitter_misc":{"\u00c9crit par":"Cep Athl\u00e9","Dur\u00e9e de lecture estim\u00e9e":"1 minute"},"schema":{"@context":"https:\/\/schema.org","@graph":[{"@type":"Article","@id":"https:\/\/www.cepathle.fr\/wp\/presse-herve-sordet-prend-sa-retraite\/#article","isPartOf":{"@id":"https:\/\/www.cepathle.fr\/wp\/presse-herve-sordet-prend-sa-retraite\/"},"author":{"name":"Cep Athl\u00e9","@id":"https:\/\/www.cepathle.fr\/wp\/#\/schema\/person\/58495bf14c04351cfbb02f582eda642d"},"headline":"Presse : Herv\u00e9 Sordet prend sa retraite","datePublished":"2018-09-19T16:57:41+00:00","dateModified":"2020-02-09T15:59:38+00:00","mainEntityOfPage":{"@id":"https:\/\/www.cepathle.fr\/wp\/presse-herve-sordet-prend-sa-retraite\/"},"wordCount":109,"image":{"@id":"https:\/\/www.cepathle.fr\/wp\/presse-herve-sordet-prend-sa-retraite\/#primaryimage"},"thumbnailUrl":"https:\/\/www.cepathle.fr\/wp\/wp-content\/uploads\/2018\/09\/herv\u00e9.jpg","articleSection":["G\u00e9n\u00e9ral"],"inLanguage":"fr-FR"},{"@type":"WebPage","@id":"https:\/\/www.cepathle.fr\/wp\/presse-herve-sordet-prend-sa-retraite\/","url":"https:\/\/www.cepathle.fr\/wp\/presse-herve-sordet-prend-sa-retraite\/","name":"Presse : Herv\u00e9 Sordet prend sa retraite","isPartOf":{"@id":"https:\/\/www.cepathle.fr\/wp\/#website"},"primaryImageOfPage":{"@id":"https:\/\/www.cepathle.fr\/wp\/presse-herve-sordet-prend-sa-retraite\/#primaryimage"},"image":{"@id":"https:\/\/www.cepathle.fr\/wp\/presse-herve-sordet-prend-sa-retraite\/#primaryimage"},"thumbnailUrl":"https:\/\/www.cepathle.fr\/wp\/wp-content\/uploads\/2018\/09\/herv\u00e9.jpg","datePublished":"2018-09-19T16:57:41+00:00","dateModified":"2020-02-09T15:59:38+00:00","author":{"@id":"https:\/\/www.cepathle.fr\/wp\/#\/schema\/person\/58495bf14c04351cfbb02f582eda642d"},"breadcrumb":{"@id":"https:\/\/www.cepathle.fr\/wp\/presse-herve-sordet-prend-sa-retraite\/#breadcrumb"},"inLanguage":"fr-FR","potentialAction":[{"@type":"ReadAction","target":["https:\/\/www.cepathle.fr\/wp\/presse-herve-sordet-prend-sa-retraite\/"]}]},{"@type":"ImageObject","inLanguage":"fr-FR","@id":"https:\/\/www.cepathle.fr\/wp\/presse-herve-sordet-prend-sa-retraite\/#primaryimage","url":"https:\/\/www.cepathle.fr\/wp\/wp-content\/uploads\/2018\/09\/herv\u00e9.jpg","contentUrl":"https:\/\/www.cepathle.fr\/wp\/wp-content\/uploads\/2018\/09\/herv\u00e9.jpg","width":521,"height":330},{"@type":"BreadcrumbList","@id":"https:\/\/www.cepathle.fr\/wp\/presse-herve-sordet-prend-sa-retraite\/#breadcrumb","itemListElement":[{"@type":"ListItem","position":1,"name":"Home","item":"https:\/\/www.cepathle.fr\/wp\/"},{"@type":"ListItem","position":2,"name":"Presse : Herv\u00e9 Sordet prend sa retraite"}]},{"@type":"WebSite","@id":"https:\/\/www.cepathle.fr\/wp\/#website","url":"https:\/\/www.cepathle.fr\/wp\/","name":"CEP LORIENT Athl\u00e9tisme","description":"Club d&#039;athl\u00e9tisme du pays de LORIENT","potentialAction":[{"@type":"SearchAction","target":{"@type":"EntryPoint","urlTemplate":"https:\/\/www.cepathle.fr\/wp\/?s={search_term_string}"},"query-input":{"@type":"PropertyValueSpecification","valueRequired":true,"valueName":"search_term_string"}}],"inLanguage":"fr-FR"},{"@type":"Person","@id":"https:\/\/www.cepathle.fr\/wp\/#\/schema\/person\/58495bf14c04351cfbb02f582eda642d","name":"Cep Athl\u00e9","url":"https:\/\/www.cepathle.fr\/wp\/author\/hugo\/"}]}},"_links":{"self":[{"href":"https:\/\/www.cepathle.fr\/wp\/wp-json\/wp\/v2\/posts\/17734","targetHints":{"allow":["GET"]}}],"collection":[{"href":"https:\/\/www.cepathle.fr\/wp\/wp-json\/wp\/v2\/posts"}],"about":[{"href":"https:\/\/www.cepathle.fr\/wp\/wp-json\/wp\/v2\/types\/post"}],"author":[{"embeddable":true,"href":"https:\/\/www.cepathle.fr\/wp\/wp-json\/wp\/v2\/users\/4"}],"replies":[{"embeddable":true,"href":"https:\/\/www.cepathle.fr\/wp\/wp-json\/wp\/v2\/comments?post=17734"}],"version-history":[{"count":0,"href":"https:\/\/www.cepathle.fr\/wp\/wp-json\/wp\/v2\/posts\/17734\/revisions"}],"wp:featuredmedia":[{"embeddable":true,"href":"https:\/\/www.cepathle.fr\/wp\/wp-json\/wp\/v2\/media\/17737"}],"wp:attachment":[{"href":"https:\/\/www.cepathle.fr\/wp\/wp-json\/wp\/v2\/media?parent=17734"}],"wp:term":[{"taxonomy":"category","embeddable":true,"href":"https:\/\/www.cepathle.fr\/wp\/wp-json\/wp\/v2\/categories?post=17734"},{"taxonomy":"post_tag","embeddable":true,"href":"https:\/\/www.cepathle.fr\/wp\/wp-json\/wp\/v2\/tags?post=17734"}],"curies":[{"name":"wp","href":"https:\/\/api.w.org\/{rel}","templated":true}]}}